{"id":616,"date":"2025-04-27T16:03:30","date_gmt":"2025-04-27T14:03:30","guid":{"rendered":"https:\/\/millesimeevent.com\/?p=616"},"modified":"2025-04-27T16:03:30","modified_gmt":"2025-04-27T14:03:30","slug":"millesime-event-lart-de-vivre-le-champagne-a-geneve-et-au-dela","status":"publish","type":"post","link":"https:\/\/millesime-event-champagne.com\/2025\/04\/27\/millesime-event-lart-de-vivre-le-champagne-a-geneve-et-au-dela\/","title":{"rendered":"Mill\u00e9sime Event : l\u2019art de vivre le Champagne, \u00e0 Gen\u00e8ve et au-del\u00e0"},"content":{"rendered":"<p>Envie de d\u00e9couvrir le Champagne autrement ? Chez Mill\u00e9sime Event, nous vous invitons \u00e0 explorer ce vin d\u2019exception \u00e0 travers une palette de services haut de gamme, pens\u00e9s pour les amateurs \u00e9clair\u00e9s comme pour les curieux d\u00e9sireux de plonger dans un univers de raffinement et d\u2019authenticit\u00e9.<\/p>\n<p><strong>Une expertise au c\u0153ur du Canton de Gen\u00e8ve<\/strong><\/p>\n<p>Bas\u00e9e \u00e0 Gen\u00e8ve, Mill\u00e9sime Event s\u2019impose comme un v\u00e9ritable ambassadeur du Champagne. Nous mettons notre passion et notre savoir-faire au service de moments uniques et personnalis\u00e9s. Que vous soyez un particulier, une entreprise ou un visiteur de passage, nous vous offrons une immersion compl\u00e8te dans le monde du Champagne, \u00e0 travers quatre axes compl\u00e9mentaires :<\/p>\n<p><strong>\ud83c\udf7e Une boutique en ligne raffin\u00e9e<\/strong><\/p>\n<p>D\u00e9couvrez une s\u00e9lection pointue de champagnes issus de maisons renomm\u00e9es et de vignerons ind\u00e9pendants, soigneusement choisis pour leur qualit\u00e9, leur authenticit\u00e9 et leur singularit\u00e9. Notre boutique en ligne vous permet de commander facilement et de recevoir directement chez vous des cuv\u00e9es de caract\u00e8re, id\u00e9ales pour offrir ou se faire plaisir.<\/p>\n<p><strong>\ud83e\udd42 Des ventes priv\u00e9es sur rendez-vous \u00e0 Gen\u00e8ve<\/strong><\/p>\n<p>Vous souhaitez un conseil personnalis\u00e9 ou une d\u00e9gustation sur mesure ? Nos bureaux vous accueillent sur rendez-vous pour un moment privil\u00e9gi\u00e9, o\u00f9 vous pourrez d\u00e9couvrir nos champagnes en toute tranquillit\u00e9, guid\u00e9 par nos recommandations expertes.<\/p>\n<p><strong>\ud83c\udf3f Des pr\u00e9sentations immersives autour du terroir champenois<\/strong><\/p>\n<p>Envie d\u2019aller plus loin ? Offrez-vous ou \u00e0 vos invit\u00e9s une animation p\u00e9dagogique et sensorielle, anim\u00e9e par Baptiste Hermant, expert dipl\u00f4m\u00e9 du Comit\u00e9 Champagne. D\u00e9couvrez les secrets de fabrication, les sp\u00e9cificit\u00e9s du terroir, et l\u2019histoire fascinante de ce vin mythique\u2026 le tout ponctu\u00e9 de d\u00e9gustations soigneusement comment\u00e9es.<\/p>\n<p><strong>\u2728 Nos meilleures adresses pour un s\u00e9jour en Champagne<\/strong><\/p>\n<p>Vous r\u00eavez d\u2019un week-end oenotouristique en Champagne ? Nous partageons avec vous nos coups de c\u0153ur confidentiels : maisons familiales, tables gastronomiques, chambres d\u2019h\u00f4tes de charme, visites exclusives\u2026 Cr\u00e9ez des souvenirs inoubliables en explorant la r\u00e9gion comme un initi\u00e9.<\/p>\n<p><strong>L\u2019exp\u00e9rience Mill\u00e9sime Event, c\u2019est\u2026<\/strong><\/p>\n<ul>\n<li>Le go\u00fbt de l\u2019excellence<\/li>\n<li>L\u2019amour du terroir<\/li>\n<li>Un accompagnement sur mesure<\/li>\n<li>Et surtout\u2026 une passion contagieuse pour le Champagne !<\/li>\n<\/ul>\n<p><strong>Pr\u00eats \u00e0 vivre le Champagne autrement<\/strong> ?<br \/>\n\ud83d\udc49 Contactez-nous pour en savoir plus, prendre rendez-vous ou organiser votre prochaine exp\u00e9rience avec Mill\u00e9sime Event.<\/p>\n","protected":false},"excerpt":{"rendered":"<p>Envie de d\u00e9couvrir le Champagne autrement ? Chez Mill\u00e9sime Event, nous vous invitons \u00e0 explorer ce vin d\u2019exception \u00e0 travers une palette de services haut de gamme, pens\u00e9s pour les amateurs \u00e9clair\u00e9s comme pour les curieux d\u00e9sireux de plonger dans un univers de raffinement et d\u2019authenticit\u00e9. Une expertise au c\u0153ur [&hellip;]<\/p>\n","protected":false},"author":7,"featured_media":349,"comment_status":"open","ping_status":"open","sticky":false,"template":"","format":"standard","meta":{"_acf_changed":false,"postBodyCss":"","postBodyMargin":[],"postBodyPadding":[],"postBodyBackground":{"backgroundType":"classic","gradient":""},"footnotes":"","_members_access_role":[],"_members_access_error":""},"categories":[141],"tags":[],"class_list":["post-616","post","type-post","status-publish","format-standard","has-post-thumbnail","hentry","category-decouverte"],"acf":[],"aioseo_notices":[],"aioseo_head":"\n\t\t<!-- All in One SEO 5.0.0.1 - aioseo.com -->\n\t<meta name=\"robots\" content=\"max-snippet:-1, max-image-preview:large, max-video-preview:-1\" \/>\n\t<meta name=\"author\" content=\"igeneve\"\/>\n\t<link rel=\"canonical\" href=\"https:\/\/millesime-event-champagne.com\/2025\/04\/27\/millesime-event-lart-de-vivre-le-champagne-a-geneve-et-au-dela\/\" \/>\n\t<meta name=\"generator\" content=\"All in One SEO (AIOSEO) 5.0.0.1\" \/>\n\t\t<meta property=\"og:locale\" content=\"fr_FR\" \/>\n\t\t<meta property=\"og:site_name\" content=\"NOWA\" \/>\n\t\t<meta property=\"og:type\" content=\"article\" \/>\n\t\t<meta property=\"og:title\" content=\"Mill\u00e9sime Event : l\u2019art de vivre le Champagne, \u00e0 Gen\u00e8ve et au-del\u00e0\" \/>\n\t\t<meta property=\"og:url\" content=\"https:\/\/millesime-event-champagne.com\/2025\/04\/27\/millesime-event-lart-de-vivre-le-champagne-a-geneve-et-au-dela\/\" \/>\n\t\t<meta property=\"og:image\" content=\"https:\/\/millesime-event-champagne.com\/wp-content\/uploads\/2026\/08\/Favicon-8.png\" \/>\n\t\t<meta property=\"og:image:secure_url\" content=\"https:\/\/millesime-event-champagne.com\/wp-content\/uploads\/2026\/08\/Favicon-8.png\" \/>\n\t\t<meta property=\"og:image:width\" content=\"100\" \/>\n\t\t<meta property=\"og:image:height\" content=\"100\" \/>\n\t\t<meta property=\"article:published_time\" content=\"2025-04-27T14:03:30+00:00\" \/>\n\t\t<meta property=\"article:modified_time\" content=\"2025-04-27T14:03:30+00:00\" \/>\n\t\t<meta name=\"twitter:card\" content=\"summary\" \/>\n\t\t<meta name=\"twitter:title\" content=\"Mill\u00e9sime Event : l\u2019art de vivre le Champagne, \u00e0 Gen\u00e8ve et au-del\u00e0\" \/>\n\t\t<meta name=\"twitter:image\" content=\"https:\/\/millesime-event-champagne.com\/wp-content\/uploads\/2024\/12\/1920x1080_reimsfrance_istock.jpg\" \/>\n\t\t<script type=\"application\/ld+json\" class=\"aioseo-schema\">\n\t\t\t{\"@context\":\"https:\\\/\\\/schema.org\",\"@graph\":[{\"@type\":\"Article\",\"@id\":\"https:\\\/\\\/millesime-event-champagne.com\\\/2025\\\/04\\\/27\\\/millesime-event-lart-de-vivre-le-champagne-a-geneve-et-au-dela\\\/#article\",\"name\":\"Mill\\u00e9sime Event : l\\u2019art de vivre le Champagne, \\u00e0 Gen\\u00e8ve et au-del\\u00e0\",\"headline\":\"Mill\\u00e9sime Event : l\\u2019art de vivre le Champagne, \\u00e0 Gen\\u00e8ve et au-del\\u00e0\",\"author\":{\"@id\":\"https:\\\/\\\/millesime-event-champagne.com\\\/author\\\/igeneve\\\/#author\"},\"publisher\":{\"@id\":\"https:\\\/\\\/millesime-event-champagne.com\\\/#organization\"},\"image\":{\"@type\":\"ImageObject\",\"url\":\"https:\\\/\\\/millesime-event-champagne.com\\\/wp-content\\\/uploads\\\/2024\\\/12\\\/1920x1080_reimsfrance_istock.jpg\",\"width\":1920,\"height\":1080},\"datePublished\":\"2025-04-27T16:03:30+02:00\",\"dateModified\":\"2025-04-27T16:03:30+02:00\",\"inLanguage\":\"fr-FR\",\"mainEntityOfPage\":{\"@id\":\"https:\\\/\\\/millesime-event-champagne.com\\\/2025\\\/04\\\/27\\\/millesime-event-lart-de-vivre-le-champagne-a-geneve-et-au-dela\\\/#webpage\"},\"isPartOf\":{\"@id\":\"https:\\\/\\\/millesime-event-champagne.com\\\/2025\\\/04\\\/27\\\/millesime-event-lart-de-vivre-le-champagne-a-geneve-et-au-dela\\\/#webpage\"},\"articleSection\":\"D\\u00e9couverte\"},{\"@type\":\"BreadcrumbList\",\"@id\":\"https:\\\/\\\/millesime-event-champagne.com\\\/2025\\\/04\\\/27\\\/millesime-event-lart-de-vivre-le-champagne-a-geneve-et-au-dela\\\/#breadcrumblist\",\"itemListElement\":[{\"@type\":\"ListItem\",\"@id\":\"https:\\\/\\\/millesime-event-champagne.com#listItem\",\"position\":1,\"name\":\"Home\",\"item\":\"https:\\\/\\\/millesime-event-champagne.com\",\"nextItem\":{\"@type\":\"ListItem\",\"@id\":\"https:\\\/\\\/millesime-event-champagne.com\\\/category\\\/decouverte\\\/#listItem\",\"name\":\"D\\u00e9couverte\"}},{\"@type\":\"ListItem\",\"@id\":\"https:\\\/\\\/millesime-event-champagne.com\\\/category\\\/decouverte\\\/#listItem\",\"position\":2,\"name\":\"D\\u00e9couverte\",\"item\":\"https:\\\/\\\/millesime-event-champagne.com\\\/category\\\/decouverte\\\/\",\"nextItem\":{\"@type\":\"ListItem\",\"@id\":\"https:\\\/\\\/millesime-event-champagne.com\\\/2025\\\/04\\\/27\\\/millesime-event-lart-de-vivre-le-champagne-a-geneve-et-au-dela\\\/#listItem\",\"name\":\"Mill\\u00e9sime Event : l\\u2019art de vivre le Champagne, \\u00e0 Gen\\u00e8ve et au-del\\u00e0\"},\"previousItem\":{\"@type\":\"ListItem\",\"@id\":\"https:\\\/\\\/millesime-event-champagne.com#listItem\",\"name\":\"Home\"}},{\"@type\":\"ListItem\",\"@id\":\"https:\\\/\\\/millesime-event-champagne.com\\\/2025\\\/04\\\/27\\\/millesime-event-lart-de-vivre-le-champagne-a-geneve-et-au-dela\\\/#listItem\",\"position\":3,\"name\":\"Mill\\u00e9sime Event : l\\u2019art de vivre le Champagne, \\u00e0 Gen\\u00e8ve et au-del\\u00e0\",\"previousItem\":{\"@type\":\"ListItem\",\"@id\":\"https:\\\/\\\/millesime-event-champagne.com\\\/category\\\/decouverte\\\/#listItem\",\"name\":\"D\\u00e9couverte\"}}]},{\"@type\":\"Organization\",\"@id\":\"https:\\\/\\\/millesime-event-champagne.com\\\/#organization\",\"name\":\"Mill\\u00e9sime Event\",\"description\":\"Champagne de Vigneron Ind\\u00e9pendant \\u00e0 Gen\\u00e8ve\",\"url\":\"https:\\\/\\\/millesime-event-champagne.com\\\/\",\"logo\":{\"@type\":\"ImageObject\",\"url\":\"https:\\\/\\\/millesime-event-champagne.com\\\/wp-content\\\/uploads\\\/2020\\\/02\\\/Millesime-event-blanc-1.png\",\"@id\":\"https:\\\/\\\/millesime-event-champagne.com\\\/2025\\\/04\\\/27\\\/millesime-event-lart-de-vivre-le-champagne-a-geneve-et-au-dela\\\/#organizationLogo\",\"width\":540,\"height\":398},\"image\":{\"@id\":\"https:\\\/\\\/millesime-event-champagne.com\\\/2025\\\/04\\\/27\\\/millesime-event-lart-de-vivre-le-champagne-a-geneve-et-au-dela\\\/#organizationLogo\"},\"sameAs\":[\"https:\\\/\\\/instagram.com\\\/\",\"https:\\\/\\\/tiktok.com\\\/@\",\"https:\\\/\\\/pinterest.com\\\/\",\"https:\\\/\\\/youtube.com\\\/\",\"https:\\\/\\\/linkedin.com\\\/in\\\/\",\"https:\\\/\\\/tumblr.com\\\/\",\"https:\\\/\\\/yelp.com\\\/biz\\\/\",\"https:\\\/\\\/soundcloud.com\\\/\",\"https:\\\/\\\/en.wikipedia.org\\\/wiki\\\/\",\"https:\\\/\\\/myspace.com\\\/\",\"https:\\\/\\\/profiles.wordpress.org\\\/\",\"https:\\\/\\\/bsky.app\\\/profile\\\/\",\"https:\\\/\\\/threads.com\\\/@\"]},{\"@type\":\"Person\",\"@id\":\"https:\\\/\\\/millesime-event-champagne.com\\\/author\\\/igeneve\\\/#author\",\"url\":\"https:\\\/\\\/millesime-event-champagne.com\\\/author\\\/igeneve\\\/\",\"name\":\"igeneve\",\"image\":{\"@type\":\"ImageObject\",\"@id\":\"https:\\\/\\\/millesime-event-champagne.com\\\/2025\\\/04\\\/27\\\/millesime-event-lart-de-vivre-le-champagne-a-geneve-et-au-dela\\\/#authorImage\",\"url\":\"https:\\\/\\\/secure.gravatar.com\\\/avatar\\\/fb1985708e8f9354a2a6fb619edb42a48d878dc5a3093a9857eed543a63852a6?s=96&d=mm&r=g\",\"width\":96,\"height\":96,\"caption\":\"igeneve\"}},{\"@type\":\"WebPage\",\"@id\":\"https:\\\/\\\/millesime-event-champagne.com\\\/2025\\\/04\\\/27\\\/millesime-event-lart-de-vivre-le-champagne-a-geneve-et-au-dela\\\/#webpage\",\"url\":\"https:\\\/\\\/millesime-event-champagne.com\\\/2025\\\/04\\\/27\\\/millesime-event-lart-de-vivre-le-champagne-a-geneve-et-au-dela\\\/\",\"name\":\"Mill\\u00e9sime Event : l\\u2019art de vivre le Champagne, \\u00e0 Gen\\u00e8ve et au-del\\u00e0\",\"inLanguage\":\"fr-FR\",\"isPartOf\":{\"@id\":\"https:\\\/\\\/millesime-event-champagne.com\\\/#website\"},\"breadcrumb\":{\"@id\":\"https:\\\/\\\/millesime-event-champagne.com\\\/2025\\\/04\\\/27\\\/millesime-event-lart-de-vivre-le-champagne-a-geneve-et-au-dela\\\/#breadcrumblist\"},\"author\":{\"@id\":\"https:\\\/\\\/millesime-event-champagne.com\\\/author\\\/igeneve\\\/#author\"},\"creator\":{\"@id\":\"https:\\\/\\\/millesime-event-champagne.com\\\/author\\\/igeneve\\\/#author\"},\"image\":{\"@type\":\"ImageObject\",\"url\":\"https:\\\/\\\/millesime-event-champagne.com\\\/wp-content\\\/uploads\\\/2024\\\/12\\\/1920x1080_reimsfrance_istock.jpg\",\"@id\":\"https:\\\/\\\/millesime-event-champagne.com\\\/2025\\\/04\\\/27\\\/millesime-event-lart-de-vivre-le-champagne-a-geneve-et-au-dela\\\/#mainImage\",\"width\":1920,\"height\":1080},\"primaryImageOfPage\":{\"@id\":\"https:\\\/\\\/millesime-event-champagne.com\\\/2025\\\/04\\\/27\\\/millesime-event-lart-de-vivre-le-champagne-a-geneve-et-au-dela\\\/#mainImage\"},\"datePublished\":\"2025-04-27T16:03:30+02:00\",\"dateModified\":\"2025-04-27T16:03:30+02:00\"},{\"@type\":\"WebSite\",\"@id\":\"https:\\\/\\\/millesime-event-champagne.com\\\/#website\",\"url\":\"https:\\\/\\\/millesime-event-champagne.com\\\/\",\"name\":\"NOWA\",\"description\":\"Champagne de Vigneron Ind\\u00e9pendant \\u00e0 Gen\\u00e8ve\",\"inLanguage\":\"fr-FR\",\"publisher\":{\"@id\":\"https:\\\/\\\/millesime-event-champagne.com\\\/#organization\"}}]}\n\t\t<\/script>\n\t\t<!-- All in One SEO -->\n\n","aioseo_head_json":{"title":"Mill\u00e9sime Event : l\u2019art de vivre le Champagne, \u00e0 Gen\u00e8ve et au-del\u00e0","description":"","canonical_url":"https:\/\/millesime-event-champagne.com\/2025\/04\/27\/millesime-event-lart-de-vivre-le-champagne-a-geneve-et-au-dela\/","robots":"max-snippet:-1, max-image-preview:large, max-video-preview:-1","keywords":"","webmasterTools":{"miscellaneous":""},"schema":{"@context":"https:\/\/schema.org","@graph":[{"@type":"Article","@id":"https:\/\/millesime-event-champagne.com\/2025\/04\/27\/millesime-event-lart-de-vivre-le-champagne-a-geneve-et-au-dela\/#article","name":"Mill\u00e9sime Event : l\u2019art de vivre le Champagne, \u00e0 Gen\u00e8ve et au-del\u00e0","headline":"Mill\u00e9sime Event : l\u2019art de vivre le Champagne, \u00e0 Gen\u00e8ve et au-del\u00e0","author":{"@id":"https:\/\/millesime-event-champagne.com\/author\/igeneve\/#author"},"publisher":{"@id":"https:\/\/millesime-event-champagne.com\/#organization"},"image":{"@type":"ImageObject","url":"https:\/\/millesime-event-champagne.com\/wp-content\/uploads\/2024\/12\/1920x1080_reimsfrance_istock.jpg","width":1920,"height":1080},"datePublished":"2025-04-27T16:03:30+02:00","dateModified":"2025-04-27T16:03:30+02:00","inLanguage":"fr-FR","mainEntityOfPage":{"@id":"https:\/\/millesime-event-champagne.com\/2025\/04\/27\/millesime-event-lart-de-vivre-le-champagne-a-geneve-et-au-dela\/#webpage"},"isPartOf":{"@id":"https:\/\/millesime-event-champagne.com\/2025\/04\/27\/millesime-event-lart-de-vivre-le-champagne-a-geneve-et-au-dela\/#webpage"},"articleSection":"D\u00e9couverte"},{"@type":"BreadcrumbList","@id":"https:\/\/millesime-event-champagne.com\/2025\/04\/27\/millesime-event-lart-de-vivre-le-champagne-a-geneve-et-au-dela\/#breadcrumblist","itemListElement":[{"@type":"ListItem","@id":"https:\/\/millesime-event-champagne.com#listItem","position":1,"name":"Home","item":"https:\/\/millesime-event-champagne.com","nextItem":{"@type":"ListItem","@id":"https:\/\/millesime-event-champagne.com\/category\/decouverte\/#listItem","name":"D\u00e9couverte"}},{"@type":"ListItem","@id":"https:\/\/millesime-event-champagne.com\/category\/decouverte\/#listItem","position":2,"name":"D\u00e9couverte","item":"https:\/\/millesime-event-champagne.com\/category\/decouverte\/","nextItem":{"@type":"ListItem","@id":"https:\/\/millesime-event-champagne.com\/2025\/04\/27\/millesime-event-lart-de-vivre-le-champagne-a-geneve-et-au-dela\/#listItem","name":"Mill\u00e9sime Event : l\u2019art de vivre le Champagne, \u00e0 Gen\u00e8ve et au-del\u00e0"},"previousItem":{"@type":"ListItem","@id":"https:\/\/millesime-event-champagne.com#listItem","name":"Home"}},{"@type":"ListItem","@id":"https:\/\/millesime-event-champagne.com\/2025\/04\/27\/millesime-event-lart-de-vivre-le-champagne-a-geneve-et-au-dela\/#listItem","position":3,"name":"Mill\u00e9sime Event : l\u2019art de vivre le Champagne, \u00e0 Gen\u00e8ve et au-del\u00e0","previousItem":{"@type":"ListItem","@id":"https:\/\/millesime-event-champagne.com\/category\/decouverte\/#listItem","name":"D\u00e9couverte"}}]},{"@type":"Organization","@id":"https:\/\/millesime-event-champagne.com\/#organization","name":"Mill\u00e9sime Event","description":"Champagne de Vigneron Ind\u00e9pendant \u00e0 Gen\u00e8ve","url":"https:\/\/millesime-event-champagne.com\/","logo":{"@type":"ImageObject","url":"https:\/\/millesime-event-champagne.com\/wp-content\/uploads\/2020\/02\/Millesime-event-blanc-1.png","@id":"https:\/\/millesime-event-champagne.com\/2025\/04\/27\/millesime-event-lart-de-vivre-le-champagne-a-geneve-et-au-dela\/#organizationLogo","width":540,"height":398},"image":{"@id":"https:\/\/millesime-event-champagne.com\/2025\/04\/27\/millesime-event-lart-de-vivre-le-champagne-a-geneve-et-au-dela\/#organizationLogo"},"sameAs":["https:\/\/instagram.com\/","https:\/\/tiktok.com\/@","https:\/\/pinterest.com\/","https:\/\/youtube.com\/","https:\/\/linkedin.com\/in\/","https:\/\/tumblr.com\/","https:\/\/yelp.com\/biz\/","https:\/\/soundcloud.com\/","https:\/\/en.wikipedia.org\/wiki\/","https:\/\/myspace.com\/","https:\/\/profiles.wordpress.org\/","https:\/\/bsky.app\/profile\/","https:\/\/threads.com\/@"]},{"@type":"Person","@id":"https:\/\/millesime-event-champagne.com\/author\/igeneve\/#author","url":"https:\/\/millesime-event-champagne.com\/author\/igeneve\/","name":"igeneve","image":{"@type":"ImageObject","@id":"https:\/\/millesime-event-champagne.com\/2025\/04\/27\/millesime-event-lart-de-vivre-le-champagne-a-geneve-et-au-dela\/#authorImage","url":"https:\/\/secure.gravatar.com\/avatar\/fb1985708e8f9354a2a6fb619edb42a48d878dc5a3093a9857eed543a63852a6?s=96&d=mm&r=g","width":96,"height":96,"caption":"igeneve"}},{"@type":"WebPage","@id":"https:\/\/millesime-event-champagne.com\/2025\/04\/27\/millesime-event-lart-de-vivre-le-champagne-a-geneve-et-au-dela\/#webpage","url":"https:\/\/millesime-event-champagne.com\/2025\/04\/27\/millesime-event-lart-de-vivre-le-champagne-a-geneve-et-au-dela\/","name":"Mill\u00e9sime Event : l\u2019art de vivre le Champagne, \u00e0 Gen\u00e8ve et au-del\u00e0","inLanguage":"fr-FR","isPartOf":{"@id":"https:\/\/millesime-event-champagne.com\/#website"},"breadcrumb":{"@id":"https:\/\/millesime-event-champagne.com\/2025\/04\/27\/millesime-event-lart-de-vivre-le-champagne-a-geneve-et-au-dela\/#breadcrumblist"},"author":{"@id":"https:\/\/millesime-event-champagne.com\/author\/igeneve\/#author"},"creator":{"@id":"https:\/\/millesime-event-champagne.com\/author\/igeneve\/#author"},"image":{"@type":"ImageObject","url":"https:\/\/millesime-event-champagne.com\/wp-content\/uploads\/2024\/12\/1920x1080_reimsfrance_istock.jpg","@id":"https:\/\/millesime-event-champagne.com\/2025\/04\/27\/millesime-event-lart-de-vivre-le-champagne-a-geneve-et-au-dela\/#mainImage","width":1920,"height":1080},"primaryImageOfPage":{"@id":"https:\/\/millesime-event-champagne.com\/2025\/04\/27\/millesime-event-lart-de-vivre-le-champagne-a-geneve-et-au-dela\/#mainImage"},"datePublished":"2025-04-27T16:03:30+02:00","dateModified":"2025-04-27T16:03:30+02:00"},{"@type":"WebSite","@id":"https:\/\/millesime-event-champagne.com\/#website","url":"https:\/\/millesime-event-champagne.com\/","name":"NOWA","description":"Champagne de Vigneron Ind\u00e9pendant \u00e0 Gen\u00e8ve","inLanguage":"fr-FR","publisher":{"@id":"https:\/\/millesime-event-champagne.com\/#organization"}}]},"og:locale":"fr_FR","og:site_name":"NOWA","og:type":"article","og:title":"Mill\u00e9sime Event : l\u2019art de vivre le Champagne, \u00e0 Gen\u00e8ve et au-del\u00e0","og:url":"https:\/\/millesime-event-champagne.com\/2025\/04\/27\/millesime-event-lart-de-vivre-le-champagne-a-geneve-et-au-dela\/","og:image":"https:\/\/millesime-event-champagne.com\/wp-content\/uploads\/2026\/08\/Favicon-8.png","og:image:secure_url":"https:\/\/millesime-event-champagne.com\/wp-content\/uploads\/2026\/08\/Favicon-8.png","og:image:width":100,"og:image:height":100,"article:published_time":"2025-04-27T14:03:30+00:00","article:modified_time":"2025-04-27T14:03:30+00:00","twitter:card":"summary","twitter:title":"Mill\u00e9sime Event : l\u2019art de vivre le Champagne, \u00e0 Gen\u00e8ve et au-del\u00e0","twitter:image":"https:\/\/millesime-event-champagne.com\/wp-content\/uploads\/2024\/12\/1920x1080_reimsfrance_istock.jpg"},"aioseo_meta_data":{"post_id":"616","title":null,"description":null,"keywords":null,"keyphrases":null,"primary_term":null,"canonical_url":null,"og_title":null,"og_description":null,"og_object_type":"default","og_image_type":"default","og_image_url":null,"og_image_width":null,"og_image_height":null,"og_image_custom_url":null,"og_image_custom_fields":null,"og_video":null,"og_custom_url":null,"og_article_section":null,"og_article_tags":null,"twitter_use_og":false,"twitter_card":"default","twitter_image_type":"default","twitter_image_url":null,"twitter_image_custom_url":null,"twitter_image_custom_fields":null,"twitter_title":null,"twitter_description":null,"schema":{"blockGraphs":[],"customGraphs":[],"default":{"data":{"Article":[],"Course":[],"Dataset":[],"FAQPage":[],"Movie":[],"Person":[],"Product":[],"ProductReview":[],"Car":[],"Recipe":[],"Service":[],"SoftwareApplication":[],"WebPage":[]},"graphName":"","isEnabled":true},"graphs":[]},"schema_type":"default","schema_type_options":null,"pillar_content":false,"robots_default":true,"robots_noindex":false,"robots_noarchive":false,"robots_nosnippet":false,"robots_nofollow":false,"robots_noimageindex":false,"robots_noodp":false,"robots_notranslate":false,"robots_max_snippet":null,"robots_max_videopreview":null,"robots_max_imagepreview":"large","priority":null,"frequency":null,"location":null,"local_seo":null,"breadcrumb_settings":null,"limit_modified_date":false,"ai":null,"created":"2026-08-10 09:17:20","updated":"2026-08-10 09:17:20","seo_analyzer_scan_date":null,"focus_keyword":null,"additional_keywords":null,"truseo_locale":null},"aioseo_breadcrumb":"<div class=\"aioseo-breadcrumbs\"><span class=\"aioseo-breadcrumb\">\n\t\t\t<a href=\"https:\/\/millesime-event-champagne.com\" title=\"Home\">Home<\/a>\n\t\t<\/span><span class=\"aioseo-breadcrumb-separator\">&raquo;<\/span><span class=\"aioseo-breadcrumb\">\n\t\t\t<a href=\"https:\/\/millesime-event-champagne.com\/category\/decouverte\/\" title=\"D\u00e9couverte\">D\u00e9couverte<\/a>\n\t\t<\/span><span class=\"aioseo-breadcrumb-separator\">&raquo;<\/span><span class=\"aioseo-breadcrumb\">\n\t\t\tMill\u00e9sime Event : l\u2019art de vivre le Champagne, \u00e0 Gen\u00e8ve et au-del\u00e0\n\t\t<\/span><\/div>","aioseo_breadcrumb_json":[{"label":"Home","link":"https:\/\/millesime-event-champagne.com"},{"label":"D\u00e9couverte","link":"https:\/\/millesime-event-champagne.com\/category\/decouverte\/"},{"label":"Mill\u00e9sime Event : l\u2019art de vivre le Champagne, \u00e0 Gen\u00e8ve et au-del\u00e0","link":"https:\/\/millesime-event-champagne.com\/2025\/04\/27\/millesime-event-lart-de-vivre-le-champagne-a-geneve-et-au-dela\/"}],"_links":{"self":[{"href":"https:\/\/millesime-event-champagne.com\/nov-apijson\/wp\/v2\/posts\/616","targetHints":{"allow":["GET"]}}],"collection":[{"href":"https:\/\/millesime-event-champagne.com\/nov-apijson\/wp\/v2\/posts"}],"about":[{"href":"https:\/\/millesime-event-champagne.com\/nov-apijson\/wp\/v2\/types\/post"}],"author":[{"embeddable":true,"href":"https:\/\/millesime-event-champagne.com\/nov-apijson\/wp\/v2\/users\/7"}],"replies":[{"embeddable":true,"href":"https:\/\/millesime-event-champagne.com\/nov-apijson\/wp\/v2\/comments?post=616"}],"version-history":[{"count":0,"href":"https:\/\/millesime-event-champagne.com\/nov-apijson\/wp\/v2\/posts\/616\/revisions"}],"wp:featuredmedia":[{"embeddable":true,"href":"https:\/\/millesime-event-champagne.com\/nov-apijson\/wp\/v2\/media\/349"}],"wp:attachment":[{"href":"https:\/\/millesime-event-champagne.com\/nov-apijson\/wp\/v2\/media?parent=616"}],"wp:term":[{"taxonomy":"category","embeddable":true,"href":"https:\/\/millesime-event-champagne.com\/nov-apijson\/wp\/v2\/categories?post=616"},{"taxonomy":"post_tag","embeddable":true,"href":"https:\/\/millesime-event-champagne.com\/nov-apijson\/wp\/v2\/tags?post=616"}],"curies":[{"name":"wp","href":"https:\/\/api.w.org\/{rel}","templated":true}]}}