{"id":618,"date":"2025-05-16T16:06:26","date_gmt":"2025-05-16T14:06:26","guid":{"rendered":"https:\/\/millesimeevent.com\/?p=618"},"modified":"2025-05-16T16:06:26","modified_gmt":"2025-05-16T14:06:26","slug":"quelle-periode-des-vendanges-pour-le-champagne","status":"publish","type":"post","link":"https:\/\/millesime-event-champagne.com\/2025\/05\/16\/quelle-periode-des-vendanges-pour-le-champagne\/","title":{"rendered":"Quelle p\u00e9riode des vendanges pour le Champagne ?"},"content":{"rendered":"<p>La r\u00e9colte des raisins pour le Champagne, aussi appel\u00e9e vendange, a lieu g\u00e9n\u00e9ralement entre fin ao\u00fbt et mi-septembre, selon les conditions climatiques de l\u2019ann\u00e9e.<\/p>\n<p><strong>D\u00e9tails importants :<\/strong><\/p>\n<p><strong>Dates variables :<\/strong> La date exacte des vendanges varie chaque ann\u00e9e et est d\u00e9cid\u00e9e par le Comit\u00e9 Champagne (interprofession qui regroupe vignerons et maisons). Chaque cru (village) re\u00e7oit une date d&rsquo;ouverture sp\u00e9cifique en fonction de la maturit\u00e9 des raisins.<\/p>\n<p><strong>Vendanges manuelles obligatoires :<\/strong> Contrairement \u00e0 d\u2019autres r\u00e9gions viticoles, la cueillette m\u00e9canique est interdite en Champagne. Les raisins doivent \u00eatre cueillis \u00e0 la main pour \u00e9viter l\u2019oxydation et garantir la qualit\u00e9 du jus.<\/p>\n<p><strong>Objectif de maturit\u00e9 :<\/strong> Les raisins sont r\u00e9colt\u00e9s lorsqu\u2019ils ont atteint un bon \u00e9quilibre entre sucre et acidit\u00e9, essentiel pour produire un vin de base \u00e9quilibr\u00e9, frais et apte \u00e0 la prise de mousse (la seconde fermentation en bouteille).<\/p>\n<p><strong>C\u00e9pages concern\u00e9s :<\/strong><\/p>\n<ul>\n<li>Pinot Noir<\/li>\n<li>Meunier<\/li>\n<li>Chardonnay<\/li>\n<\/ul>\n<p>Chacun a une maturit\u00e9 l\u00e9g\u00e8rement diff\u00e9rente, ce qui influence l\u2019ordre et la dur\u00e9e de la r\u00e9colte.<\/p>\n","protected":false},"excerpt":{"rendered":"<p>La r\u00e9colte des raisins pour le Champagne, aussi appel\u00e9e vendange, a lieu g\u00e9n\u00e9ralement entre fin ao\u00fbt et mi-septembre, selon les conditions climatiques de l\u2019ann\u00e9e. D\u00e9tails importants : Dates variables : La date exacte des vendanges varie chaque ann\u00e9e et est d\u00e9cid\u00e9e par le Comit\u00e9 Champagne (interprofession qui regroupe vignerons et [&hellip;]<\/p>\n","protected":false},"author":7,"featured_media":271,"comment_status":"open","ping_status":"open","sticky":false,"template":"","format":"standard","meta":{"_acf_changed":false,"postBodyCss":"","postBodyMargin":[],"postBodyPadding":[],"postBodyBackground":{"backgroundType":"classic","gradient":""},"footnotes":"","_members_access_role":[],"_members_access_error":""},"categories":[141],"tags":[],"class_list":["post-618","post","type-post","status-publish","format-standard","has-post-thumbnail","hentry","category-decouverte"],"acf":[],"aioseo_notices":[],"aioseo_head":"\n\t\t<!-- All in One SEO 5.0.0.1 - aioseo.com -->\n\t<meta name=\"robots\" content=\"max-snippet:-1, max-image-preview:large, max-video-preview:-1\" \/>\n\t<meta name=\"author\" content=\"igeneve\"\/>\n\t<link rel=\"canonical\" href=\"https:\/\/millesime-event-champagne.com\/2025\/05\/16\/quelle-periode-des-vendanges-pour-le-champagne\/\" \/>\n\t<meta name=\"generator\" content=\"All in One SEO (AIOSEO) 5.0.0.1\" \/>\n\t\t<meta property=\"og:locale\" content=\"fr_FR\" \/>\n\t\t<meta property=\"og:site_name\" content=\"NOWA\" \/>\n\t\t<meta property=\"og:type\" content=\"article\" \/>\n\t\t<meta property=\"og:title\" content=\"Quelle p\u00e9riode des vendanges pour le Champagne ?\" \/>\n\t\t<meta property=\"og:url\" content=\"https:\/\/millesime-event-champagne.com\/2025\/05\/16\/quelle-periode-des-vendanges-pour-le-champagne\/\" \/>\n\t\t<meta property=\"og:image\" content=\"https:\/\/millesime-event-champagne.com\/wp-content\/uploads\/2026\/08\/Favicon-8.png\" \/>\n\t\t<meta property=\"og:image:secure_url\" content=\"https:\/\/millesime-event-champagne.com\/wp-content\/uploads\/2026\/08\/Favicon-8.png\" \/>\n\t\t<meta property=\"og:image:width\" content=\"100\" \/>\n\t\t<meta property=\"og:image:height\" content=\"100\" \/>\n\t\t<meta property=\"article:published_time\" content=\"2025-05-16T14:06:26+00:00\" \/>\n\t\t<meta property=\"article:modified_time\" content=\"2025-05-16T14:06:26+00:00\" \/>\n\t\t<meta name=\"twitter:card\" content=\"summary\" \/>\n\t\t<meta name=\"twitter:title\" content=\"Quelle p\u00e9riode des vendanges pour le Champagne ?\" \/>\n\t\t<meta name=\"twitter:image\" content=\"https:\/\/millesime-event-champagne.com\/wp-content\/uploads\/2024\/12\/Depositphotos_1995820_L.jpg\" \/>\n\t\t<script type=\"application\/ld+json\" class=\"aioseo-schema\">\n\t\t\t{\"@context\":\"https:\\\/\\\/schema.org\",\"@graph\":[{\"@type\":\"Article\",\"@id\":\"https:\\\/\\\/millesime-event-champagne.com\\\/2025\\\/05\\\/16\\\/quelle-periode-des-vendanges-pour-le-champagne\\\/#article\",\"name\":\"Quelle p\\u00e9riode des vendanges pour le Champagne ?\",\"headline\":\"Quelle p\\u00e9riode des vendanges pour le Champagne ?\",\"author\":{\"@id\":\"https:\\\/\\\/millesime-event-champagne.com\\\/author\\\/igeneve\\\/#author\"},\"publisher\":{\"@id\":\"https:\\\/\\\/millesime-event-champagne.com\\\/#organization\"},\"image\":{\"@type\":\"ImageObject\",\"url\":\"https:\\\/\\\/millesime-event-champagne.com\\\/wp-content\\\/uploads\\\/2024\\\/12\\\/Depositphotos_1995820_L.jpg\",\"width\":2000,\"height\":1333},\"datePublished\":\"2025-05-16T16:06:26+02:00\",\"dateModified\":\"2025-05-16T16:06:26+02:00\",\"inLanguage\":\"fr-FR\",\"mainEntityOfPage\":{\"@id\":\"https:\\\/\\\/millesime-event-champagne.com\\\/2025\\\/05\\\/16\\\/quelle-periode-des-vendanges-pour-le-champagne\\\/#webpage\"},\"isPartOf\":{\"@id\":\"https:\\\/\\\/millesime-event-champagne.com\\\/2025\\\/05\\\/16\\\/quelle-periode-des-vendanges-pour-le-champagne\\\/#webpage\"},\"articleSection\":\"D\\u00e9couverte\"},{\"@type\":\"BreadcrumbList\",\"@id\":\"https:\\\/\\\/millesime-event-champagne.com\\\/2025\\\/05\\\/16\\\/quelle-periode-des-vendanges-pour-le-champagne\\\/#breadcrumblist\",\"itemListElement\":[{\"@type\":\"ListItem\",\"@id\":\"https:\\\/\\\/millesime-event-champagne.com#listItem\",\"position\":1,\"name\":\"Home\",\"item\":\"https:\\\/\\\/millesime-event-champagne.com\",\"nextItem\":{\"@type\":\"ListItem\",\"@id\":\"https:\\\/\\\/millesime-event-champagne.com\\\/category\\\/decouverte\\\/#listItem\",\"name\":\"D\\u00e9couverte\"}},{\"@type\":\"ListItem\",\"@id\":\"https:\\\/\\\/millesime-event-champagne.com\\\/category\\\/decouverte\\\/#listItem\",\"position\":2,\"name\":\"D\\u00e9couverte\",\"item\":\"https:\\\/\\\/millesime-event-champagne.com\\\/category\\\/decouverte\\\/\",\"nextItem\":{\"@type\":\"ListItem\",\"@id\":\"https:\\\/\\\/millesime-event-champagne.com\\\/2025\\\/05\\\/16\\\/quelle-periode-des-vendanges-pour-le-champagne\\\/#listItem\",\"name\":\"Quelle p\\u00e9riode des vendanges pour le Champagne ?\"},\"previousItem\":{\"@type\":\"ListItem\",\"@id\":\"https:\\\/\\\/millesime-event-champagne.com#listItem\",\"name\":\"Home\"}},{\"@type\":\"ListItem\",\"@id\":\"https:\\\/\\\/millesime-event-champagne.com\\\/2025\\\/05\\\/16\\\/quelle-periode-des-vendanges-pour-le-champagne\\\/#listItem\",\"position\":3,\"name\":\"Quelle p\\u00e9riode des vendanges pour le Champagne ?\",\"previousItem\":{\"@type\":\"ListItem\",\"@id\":\"https:\\\/\\\/millesime-event-champagne.com\\\/category\\\/decouverte\\\/#listItem\",\"name\":\"D\\u00e9couverte\"}}]},{\"@type\":\"Organization\",\"@id\":\"https:\\\/\\\/millesime-event-champagne.com\\\/#organization\",\"name\":\"Mill\\u00e9sime Event\",\"description\":\"Champagne de Vigneron Ind\\u00e9pendant \\u00e0 Gen\\u00e8ve\",\"url\":\"https:\\\/\\\/millesime-event-champagne.com\\\/\",\"logo\":{\"@type\":\"ImageObject\",\"url\":\"https:\\\/\\\/millesime-event-champagne.com\\\/wp-content\\\/uploads\\\/2020\\\/02\\\/Millesime-event-blanc-1.png\",\"@id\":\"https:\\\/\\\/millesime-event-champagne.com\\\/2025\\\/05\\\/16\\\/quelle-periode-des-vendanges-pour-le-champagne\\\/#organizationLogo\",\"width\":540,\"height\":398},\"image\":{\"@id\":\"https:\\\/\\\/millesime-event-champagne.com\\\/2025\\\/05\\\/16\\\/quelle-periode-des-vendanges-pour-le-champagne\\\/#organizationLogo\"},\"sameAs\":[\"https:\\\/\\\/instagram.com\\\/\",\"https:\\\/\\\/tiktok.com\\\/@\",\"https:\\\/\\\/pinterest.com\\\/\",\"https:\\\/\\\/youtube.com\\\/\",\"https:\\\/\\\/linkedin.com\\\/in\\\/\",\"https:\\\/\\\/tumblr.com\\\/\",\"https:\\\/\\\/yelp.com\\\/biz\\\/\",\"https:\\\/\\\/soundcloud.com\\\/\",\"https:\\\/\\\/en.wikipedia.org\\\/wiki\\\/\",\"https:\\\/\\\/myspace.com\\\/\",\"https:\\\/\\\/profiles.wordpress.org\\\/\",\"https:\\\/\\\/bsky.app\\\/profile\\\/\",\"https:\\\/\\\/threads.com\\\/@\"]},{\"@type\":\"Person\",\"@id\":\"https:\\\/\\\/millesime-event-champagne.com\\\/author\\\/igeneve\\\/#author\",\"url\":\"https:\\\/\\\/millesime-event-champagne.com\\\/author\\\/igeneve\\\/\",\"name\":\"igeneve\",\"image\":{\"@type\":\"ImageObject\",\"@id\":\"https:\\\/\\\/millesime-event-champagne.com\\\/2025\\\/05\\\/16\\\/quelle-periode-des-vendanges-pour-le-champagne\\\/#authorImage\",\"url\":\"https:\\\/\\\/secure.gravatar.com\\\/avatar\\\/fb1985708e8f9354a2a6fb619edb42a48d878dc5a3093a9857eed543a63852a6?s=96&d=mm&r=g\",\"width\":96,\"height\":96,\"caption\":\"igeneve\"}},{\"@type\":\"WebPage\",\"@id\":\"https:\\\/\\\/millesime-event-champagne.com\\\/2025\\\/05\\\/16\\\/quelle-periode-des-vendanges-pour-le-champagne\\\/#webpage\",\"url\":\"https:\\\/\\\/millesime-event-champagne.com\\\/2025\\\/05\\\/16\\\/quelle-periode-des-vendanges-pour-le-champagne\\\/\",\"name\":\"Quelle p\\u00e9riode des vendanges pour le Champagne ?\",\"inLanguage\":\"fr-FR\",\"isPartOf\":{\"@id\":\"https:\\\/\\\/millesime-event-champagne.com\\\/#website\"},\"breadcrumb\":{\"@id\":\"https:\\\/\\\/millesime-event-champagne.com\\\/2025\\\/05\\\/16\\\/quelle-periode-des-vendanges-pour-le-champagne\\\/#breadcrumblist\"},\"author\":{\"@id\":\"https:\\\/\\\/millesime-event-champagne.com\\\/author\\\/igeneve\\\/#author\"},\"creator\":{\"@id\":\"https:\\\/\\\/millesime-event-champagne.com\\\/author\\\/igeneve\\\/#author\"},\"image\":{\"@type\":\"ImageObject\",\"url\":\"https:\\\/\\\/millesime-event-champagne.com\\\/wp-content\\\/uploads\\\/2024\\\/12\\\/Depositphotos_1995820_L.jpg\",\"@id\":\"https:\\\/\\\/millesime-event-champagne.com\\\/2025\\\/05\\\/16\\\/quelle-periode-des-vendanges-pour-le-champagne\\\/#mainImage\",\"width\":2000,\"height\":1333},\"primaryImageOfPage\":{\"@id\":\"https:\\\/\\\/millesime-event-champagne.com\\\/2025\\\/05\\\/16\\\/quelle-periode-des-vendanges-pour-le-champagne\\\/#mainImage\"},\"datePublished\":\"2025-05-16T16:06:26+02:00\",\"dateModified\":\"2025-05-16T16:06:26+02:00\"},{\"@type\":\"WebSite\",\"@id\":\"https:\\\/\\\/millesime-event-champagne.com\\\/#website\",\"url\":\"https:\\\/\\\/millesime-event-champagne.com\\\/\",\"name\":\"NOWA\",\"description\":\"Champagne de Vigneron Ind\\u00e9pendant \\u00e0 Gen\\u00e8ve\",\"inLanguage\":\"fr-FR\",\"publisher\":{\"@id\":\"https:\\\/\\\/millesime-event-champagne.com\\\/#organization\"}}]}\n\t\t<\/script>\n\t\t<!-- All in One SEO -->\n\n","aioseo_head_json":{"title":"Quelle p\u00e9riode des vendanges pour le Champagne ?","description":"","canonical_url":"https:\/\/millesime-event-champagne.com\/2025\/05\/16\/quelle-periode-des-vendanges-pour-le-champagne\/","robots":"max-snippet:-1, max-image-preview:large, max-video-preview:-1","keywords":"","webmasterTools":{"miscellaneous":""},"schema":{"@context":"https:\/\/schema.org","@graph":[{"@type":"Article","@id":"https:\/\/millesime-event-champagne.com\/2025\/05\/16\/quelle-periode-des-vendanges-pour-le-champagne\/#article","name":"Quelle p\u00e9riode des vendanges pour le Champagne ?","headline":"Quelle p\u00e9riode des vendanges pour le Champagne ?","author":{"@id":"https:\/\/millesime-event-champagne.com\/author\/igeneve\/#author"},"publisher":{"@id":"https:\/\/millesime-event-champagne.com\/#organization"},"image":{"@type":"ImageObject","url":"https:\/\/millesime-event-champagne.com\/wp-content\/uploads\/2024\/12\/Depositphotos_1995820_L.jpg","width":2000,"height":1333},"datePublished":"2025-05-16T16:06:26+02:00","dateModified":"2025-05-16T16:06:26+02:00","inLanguage":"fr-FR","mainEntityOfPage":{"@id":"https:\/\/millesime-event-champagne.com\/2025\/05\/16\/quelle-periode-des-vendanges-pour-le-champagne\/#webpage"},"isPartOf":{"@id":"https:\/\/millesime-event-champagne.com\/2025\/05\/16\/quelle-periode-des-vendanges-pour-le-champagne\/#webpage"},"articleSection":"D\u00e9couverte"},{"@type":"BreadcrumbList","@id":"https:\/\/millesime-event-champagne.com\/2025\/05\/16\/quelle-periode-des-vendanges-pour-le-champagne\/#breadcrumblist","itemListElement":[{"@type":"ListItem","@id":"https:\/\/millesime-event-champagne.com#listItem","position":1,"name":"Home","item":"https:\/\/millesime-event-champagne.com","nextItem":{"@type":"ListItem","@id":"https:\/\/millesime-event-champagne.com\/category\/decouverte\/#listItem","name":"D\u00e9couverte"}},{"@type":"ListItem","@id":"https:\/\/millesime-event-champagne.com\/category\/decouverte\/#listItem","position":2,"name":"D\u00e9couverte","item":"https:\/\/millesime-event-champagne.com\/category\/decouverte\/","nextItem":{"@type":"ListItem","@id":"https:\/\/millesime-event-champagne.com\/2025\/05\/16\/quelle-periode-des-vendanges-pour-le-champagne\/#listItem","name":"Quelle p\u00e9riode des vendanges pour le Champagne ?"},"previousItem":{"@type":"ListItem","@id":"https:\/\/millesime-event-champagne.com#listItem","name":"Home"}},{"@type":"ListItem","@id":"https:\/\/millesime-event-champagne.com\/2025\/05\/16\/quelle-periode-des-vendanges-pour-le-champagne\/#listItem","position":3,"name":"Quelle p\u00e9riode des vendanges pour le Champagne ?","previousItem":{"@type":"ListItem","@id":"https:\/\/millesime-event-champagne.com\/category\/decouverte\/#listItem","name":"D\u00e9couverte"}}]},{"@type":"Organization","@id":"https:\/\/millesime-event-champagne.com\/#organization","name":"Mill\u00e9sime Event","description":"Champagne de Vigneron Ind\u00e9pendant \u00e0 Gen\u00e8ve","url":"https:\/\/millesime-event-champagne.com\/","logo":{"@type":"ImageObject","url":"https:\/\/millesime-event-champagne.com\/wp-content\/uploads\/2020\/02\/Millesime-event-blanc-1.png","@id":"https:\/\/millesime-event-champagne.com\/2025\/05\/16\/quelle-periode-des-vendanges-pour-le-champagne\/#organizationLogo","width":540,"height":398},"image":{"@id":"https:\/\/millesime-event-champagne.com\/2025\/05\/16\/quelle-periode-des-vendanges-pour-le-champagne\/#organizationLogo"},"sameAs":["https:\/\/instagram.com\/","https:\/\/tiktok.com\/@","https:\/\/pinterest.com\/","https:\/\/youtube.com\/","https:\/\/linkedin.com\/in\/","https:\/\/tumblr.com\/","https:\/\/yelp.com\/biz\/","https:\/\/soundcloud.com\/","https:\/\/en.wikipedia.org\/wiki\/","https:\/\/myspace.com\/","https:\/\/profiles.wordpress.org\/","https:\/\/bsky.app\/profile\/","https:\/\/threads.com\/@"]},{"@type":"Person","@id":"https:\/\/millesime-event-champagne.com\/author\/igeneve\/#author","url":"https:\/\/millesime-event-champagne.com\/author\/igeneve\/","name":"igeneve","image":{"@type":"ImageObject","@id":"https:\/\/millesime-event-champagne.com\/2025\/05\/16\/quelle-periode-des-vendanges-pour-le-champagne\/#authorImage","url":"https:\/\/secure.gravatar.com\/avatar\/fb1985708e8f9354a2a6fb619edb42a48d878dc5a3093a9857eed543a63852a6?s=96&d=mm&r=g","width":96,"height":96,"caption":"igeneve"}},{"@type":"WebPage","@id":"https:\/\/millesime-event-champagne.com\/2025\/05\/16\/quelle-periode-des-vendanges-pour-le-champagne\/#webpage","url":"https:\/\/millesime-event-champagne.com\/2025\/05\/16\/quelle-periode-des-vendanges-pour-le-champagne\/","name":"Quelle p\u00e9riode des vendanges pour le Champagne ?","inLanguage":"fr-FR","isPartOf":{"@id":"https:\/\/millesime-event-champagne.com\/#website"},"breadcrumb":{"@id":"https:\/\/millesime-event-champagne.com\/2025\/05\/16\/quelle-periode-des-vendanges-pour-le-champagne\/#breadcrumblist"},"author":{"@id":"https:\/\/millesime-event-champagne.com\/author\/igeneve\/#author"},"creator":{"@id":"https:\/\/millesime-event-champagne.com\/author\/igeneve\/#author"},"image":{"@type":"ImageObject","url":"https:\/\/millesime-event-champagne.com\/wp-content\/uploads\/2024\/12\/Depositphotos_1995820_L.jpg","@id":"https:\/\/millesime-event-champagne.com\/2025\/05\/16\/quelle-periode-des-vendanges-pour-le-champagne\/#mainImage","width":2000,"height":1333},"primaryImageOfPage":{"@id":"https:\/\/millesime-event-champagne.com\/2025\/05\/16\/quelle-periode-des-vendanges-pour-le-champagne\/#mainImage"},"datePublished":"2025-05-16T16:06:26+02:00","dateModified":"2025-05-16T16:06:26+02:00"},{"@type":"WebSite","@id":"https:\/\/millesime-event-champagne.com\/#website","url":"https:\/\/millesime-event-champagne.com\/","name":"NOWA","description":"Champagne de Vigneron Ind\u00e9pendant \u00e0 Gen\u00e8ve","inLanguage":"fr-FR","publisher":{"@id":"https:\/\/millesime-event-champagne.com\/#organization"}}]},"og:locale":"fr_FR","og:site_name":"NOWA","og:type":"article","og:title":"Quelle p\u00e9riode des vendanges pour le Champagne ?","og:url":"https:\/\/millesime-event-champagne.com\/2025\/05\/16\/quelle-periode-des-vendanges-pour-le-champagne\/","og:image":"https:\/\/millesime-event-champagne.com\/wp-content\/uploads\/2026\/08\/Favicon-8.png","og:image:secure_url":"https:\/\/millesime-event-champagne.com\/wp-content\/uploads\/2026\/08\/Favicon-8.png","og:image:width":100,"og:image:height":100,"article:published_time":"2025-05-16T14:06:26+00:00","article:modified_time":"2025-05-16T14:06:26+00:00","twitter:card":"summary","twitter:title":"Quelle p\u00e9riode des vendanges pour le Champagne ?","twitter:image":"https:\/\/millesime-event-champagne.com\/wp-content\/uploads\/2024\/12\/Depositphotos_1995820_L.jpg"},"aioseo_meta_data":{"post_id":"618","title":null,"description":null,"keywords":null,"keyphrases":null,"primary_term":null,"canonical_url":null,"og_title":null,"og_description":null,"og_object_type":"default","og_image_type":"default","og_image_url":null,"og_image_width":null,"og_image_height":null,"og_image_custom_url":null,"og_image_custom_fields":null,"og_video":null,"og_custom_url":null,"og_article_section":null,"og_article_tags":null,"twitter_use_og":false,"twitter_card":"default","twitter_image_type":"default","twitter_image_url":null,"twitter_image_custom_url":null,"twitter_image_custom_fields":null,"twitter_title":null,"twitter_description":null,"schema":{"blockGraphs":[],"customGraphs":[],"default":{"data":{"Article":[],"Course":[],"Dataset":[],"FAQPage":[],"Movie":[],"Person":[],"Product":[],"ProductReview":[],"Car":[],"Recipe":[],"Service":[],"SoftwareApplication":[],"WebPage":[]},"graphName":"","isEnabled":true},"graphs":[]},"schema_type":"default","schema_type_options":null,"pillar_content":false,"robots_default":true,"robots_noindex":false,"robots_noarchive":false,"robots_nosnippet":false,"robots_nofollow":false,"robots_noimageindex":false,"robots_noodp":false,"robots_notranslate":false,"robots_max_snippet":null,"robots_max_videopreview":null,"robots_max_imagepreview":"large","priority":null,"frequency":null,"location":null,"local_seo":null,"breadcrumb_settings":null,"limit_modified_date":false,"ai":null,"created":"2026-08-10 09:17:20","updated":"2026-08-10 09:17:20","seo_analyzer_scan_date":null,"focus_keyword":null,"additional_keywords":null,"truseo_locale":null},"aioseo_breadcrumb":"<div class=\"aioseo-breadcrumbs\"><span class=\"aioseo-breadcrumb\">\n\t\t\t<a href=\"https:\/\/millesime-event-champagne.com\" title=\"Home\">Home<\/a>\n\t\t<\/span><span class=\"aioseo-breadcrumb-separator\">&raquo;<\/span><span class=\"aioseo-breadcrumb\">\n\t\t\t<a href=\"https:\/\/millesime-event-champagne.com\/category\/decouverte\/\" title=\"D\u00e9couverte\">D\u00e9couverte<\/a>\n\t\t<\/span><span class=\"aioseo-breadcrumb-separator\">&raquo;<\/span><span class=\"aioseo-breadcrumb\">\n\t\t\tQuelle p\u00e9riode des vendanges pour le Champagne ?\n\t\t<\/span><\/div>","aioseo_breadcrumb_json":[{"label":"Home","link":"https:\/\/millesime-event-champagne.com"},{"label":"D\u00e9couverte","link":"https:\/\/millesime-event-champagne.com\/category\/decouverte\/"},{"label":"Quelle p\u00e9riode des vendanges pour le Champagne ?","link":"https:\/\/millesime-event-champagne.com\/2025\/05\/16\/quelle-periode-des-vendanges-pour-le-champagne\/"}],"_links":{"self":[{"href":"https:\/\/millesime-event-champagne.com\/nov-apijson\/wp\/v2\/posts\/618","targetHints":{"allow":["GET"]}}],"collection":[{"href":"https:\/\/millesime-event-champagne.com\/nov-apijson\/wp\/v2\/posts"}],"about":[{"href":"https:\/\/millesime-event-champagne.com\/nov-apijson\/wp\/v2\/types\/post"}],"author":[{"embeddable":true,"href":"https:\/\/millesime-event-champagne.com\/nov-apijson\/wp\/v2\/users\/7"}],"replies":[{"embeddable":true,"href":"https:\/\/millesime-event-champagne.com\/nov-apijson\/wp\/v2\/comments?post=618"}],"version-history":[{"count":0,"href":"https:\/\/millesime-event-champagne.com\/nov-apijson\/wp\/v2\/posts\/618\/revisions"}],"wp:featuredmedia":[{"embeddable":true,"href":"https:\/\/millesime-event-champagne.com\/nov-apijson\/wp\/v2\/media\/271"}],"wp:attachment":[{"href":"https:\/\/millesime-event-champagne.com\/nov-apijson\/wp\/v2\/media?parent=618"}],"wp:term":[{"taxonomy":"category","embeddable":true,"href":"https:\/\/millesime-event-champagne.com\/nov-apijson\/wp\/v2\/categories?post=618"},{"taxonomy":"post_tag","embeddable":true,"href":"https:\/\/millesime-event-champagne.com\/nov-apijson\/wp\/v2\/tags?post=618"}],"curies":[{"name":"wp","href":"https:\/\/api.w.org\/{rel}","templated":true}]}}